{"id":12595,"date":"2025-09-04T11:25:20","date_gmt":"2025-09-04T09:25:20","guid":{"rendered":"https:\/\/www.silverfit.com\/?p=12595"},"modified":"2025-09-08T14:13:41","modified_gmt":"2025-09-08T12:13:41","slug":"meschers-sur-gironde-les-grands-chenes-brillent-en-velo-interactif-au-silver-fit-tour","status":"publish","type":"post","link":"https:\/\/www.silverfit.com\/fr\/meschers-sur-gironde-les-grands-chenes-brillent-en-velo-interactif-au-silver-fit-tour\/","title":{"rendered":"SilverFit Tour : Les Grands Ch\u00eanes de Meschers-sur-Gironde vice-champions gr\u00e2ce au v\u00e9lo interactif"},"content":{"rendered":"<p><em>\u00c9v\u00e9nement du 26 ao\u00fbt 2025 \u2013 Silverfit en partenariat avec le prestigieux groupe DomusVi<\/em><\/p>\n<p><strong>V\u00e9lo interactif \u00e0 Meschers-sur-Gironde : \u00ab\u00a0Les Grands Ch\u00eanes en lumi\u00e8re\u00a0\u00bb<\/strong><\/p>\n<p>La r\u00e9sidence Les Grands Ch\u00eanes de Meschers-sur-Gironde s\u2019est illustr\u00e9e lors du dernier challenge national de v\u00e9lo interactif Silver Fit Tour, d\u00e9crochant une impressionnante deuxi\u00e8me place au classement g\u00e9n\u00e9ral. Cet exploit d\u00e9montre non seulement l\u2019enthousiasme et l\u2019\u00e9nergie de ses r\u00e9sidents, mais aussi l\u2019importance croissante des nouvelles technologies dans l\u2019accompagnement des seniors.<\/p>\n<p><strong>Un challenge national autour du v\u00e9lo interactif<\/strong><\/p>\n<p>Organis\u00e9 du 7 au 18 juillet, le Silver Fit Tour a mobilis\u00e9 160 Ehpad \u00e0 travers toute la France, r\u00e9unissant plus de 2 300 participants. Le principe est simple mais innovant : gr\u00e2ce au v\u00e9lo interactif Silver Fit, les r\u00e9sidents p\u00e9dalent face \u00e0 un \u00e9cran qui simule des parcours en plein air. Cet outil connect\u00e9 transforme l\u2019activit\u00e9 physique en une exp\u00e9rience ludique et immersive, motivant les seniors \u00e0 repousser leurs limites.<\/p>\n<p>\u00c0 Meschers-sur-Gironde, dix-sept r\u00e9sidents de la maison de retraite Les Grands Ch\u00eanes ont pris part au d\u00e9fi. Ensemble, ils ont cumul\u00e9 plus de 500 minutes de p\u00e9dalage, un effort collectif qui les a propuls\u00e9s \u00e0 la 2\u1d49 place nationale.<\/p>\n<p><img fetchpriority=\"high\" decoding=\"async\" class=\"alignnone size-medium wp-image-12663\" src=\"https:\/\/www.silverfit.com\/wp-content\/uploads\/La-boissiere-12-08-09-2025-13-02-41-300x201.png\" alt=\"\" width=\"300\" height=\"201\" srcset=\"https:\/\/www.silverfit.com\/wp-content\/uploads\/La-boissiere-12-08-09-2025-13-02-41-300x201.png 300w, https:\/\/www.silverfit.com\/wp-content\/uploads\/La-boissiere-12-08-09-2025-13-02-41-1024x686.png 1024w, https:\/\/www.silverfit.com\/wp-content\/uploads\/La-boissiere-12-08-09-2025-13-02-41-768x515.png 768w, https:\/\/www.silverfit.com\/wp-content\/uploads\/La-boissiere-12-08-09-2025-13-02-41-1536x1029.png 1536w, https:\/\/www.silverfit.com\/wp-content\/uploads\/La-boissiere-12-08-09-2025-13-02-41.png 2000w\" sizes=\"(max-width: 300px) 100vw, 300px\" \/><\/p>\n<p><strong>Un \u00e9quipement<\/strong><strong> qui stimule sant\u00e9 et moral<\/strong><\/p>\n<p>Le v\u00e9lo interactif ne se limite pas \u00e0 un simple exercice physique. En permettant de choisir des parcours virtuels vari\u00e9s, il invite au voyage et \u00e0 l\u2019\u00e9vasion tout en favorisant le maintien en forme. Les r\u00e9sidents soulignent l\u2019effet b\u00e9n\u00e9fique de cette activit\u00e9 : am\u00e9lioration du souffle, stimulation musculaire, mais aussi un impact tr\u00e8s positif sur le moral et le bien-\u00eatre.<\/p>\n<p>Pour Juliette Youssif, enseignante en activit\u00e9s physiques adapt\u00e9es (APA) \u00e0 la r\u00e9sidence, ce type de mat\u00e9riel est un v\u00e9ritable outil th\u00e9rapeutique. Il encourage la pratique r\u00e9guli\u00e8re d\u2019un sport doux et adapt\u00e9 \u00e0 tous, tout en cr\u00e9ant une dynamique de groupe.<\/p>\n<p><strong>Une re<\/strong><strong>mise des prix fes<\/strong><strong>tive<\/strong><\/p>\n<p>Le 26 ao\u00fbt, la remise officielle des r\u00e9compenses a eu lieu dans\u00a0une ambiance chaleureuse et musicale. Sophie Martinaud, charg\u00e9e de d\u00e9veloppement pour Silver Fit, a tenu \u00e0 saluer l\u2019exploit de la r\u00e9sidence. Chaque participant a re\u00e7u un dipl\u00f4me et une m\u00e9daille, remis par Martine Braun, directrice de l\u2019\u00e9tablissement, et Juliette Youssif, qui a accompagn\u00e9 les r\u00e9sidents tout au long du challenge.<\/p>\n<p>L\u2019\u00e9v\u00e9nement a \u00e9t\u00e9 ponctu\u00e9 d\u2019un concert au piano assur\u00e9 par Philippe Faup, musicien bien connu des Ehpad du pays royannais, qui intervient r\u00e9guli\u00e8rement aupr\u00e8s des seniors.<\/p>\n<p><img decoding=\"async\" class=\"alignnone size-medium wp-image-12655\" src=\"https:\/\/www.silverfit.com\/wp-content\/uploads\/Domusvi-Ornano-5-300x201.png\" alt=\"\" width=\"300\" height=\"201\" srcset=\"https:\/\/www.silverfit.com\/wp-content\/uploads\/Domusvi-Ornano-5-300x201.png 300w, https:\/\/www.silverfit.com\/wp-content\/uploads\/Domusvi-Ornano-5-1024x686.png 1024w, https:\/\/www.silverfit.com\/wp-content\/uploads\/Domusvi-Ornano-5-768x515.png 768w, https:\/\/www.silverfit.com\/wp-content\/uploads\/Domusvi-Ornano-5-1536x1029.png 1536w, https:\/\/www.silverfit.com\/wp-content\/uploads\/Domusvi-Ornano-5.png 2000w\" sizes=\"(max-width: 300px) 100vw, 300px\" \/><\/p>\n<p><strong>Une fiert\u00e9 collective pour Meschers-sur-Gironde<\/strong><\/p>\n<p>Au-del\u00e0 de la performance sportive, cette belle r\u00e9ussite met en avant l\u2019esprit d\u2019\u00e9quipe, la motivation et la vitalit\u00e9 des r\u00e9sidents. Elle illustre aussi le r\u00f4le cl\u00e9 des nouvelles technologies comme le v\u00e9lo interactif dans l\u2019am\u00e9lioration de la qualit\u00e9 de vie des personnes \u00e2g\u00e9es.<\/p>\n<p>Avec ce podium, la r\u00e9sidence des Grands Ch\u00eanes prouve qu\u2019innovation, solidarit\u00e9 et sant\u00e9 peuvent aller de pair, tout en offrant \u00e0 ses r\u00e9sidents des moments inoubliables et valorisants.<\/p>\n<p><strong>Le SilverFit Mile, une immersion totale<\/strong><\/p>\n<p>En compl\u00e9ment du challenge, le <a href=\"https:\/\/www.silverfit.com\/fr\/systemes\/silverfit-mile\/\">SilverFit Mile<\/a> offre aux utilisateurs l\u2019illusion de faire du v\u00e9lo en plein air, leur permettant de s\u2019\u00e9vader et de d\u00e9couvrir de nouveaux horizons. Gr\u00e2ce \u00e0 des itin\u00e9raires interactifs et vari\u00e9s, chacun peut voyager virtuellement \u00e0 travers diff\u00e9rents paysages, tout en p\u00e9dalant \u00e0 son rythme. Cette immersion ludique stimule la pr\u00e9vention des chutes, encourage l\u2019activit\u00e9 physique douce et favorise les interactions sociales. Chaque session devient ainsi une exp\u00e9rience \u00e0 la fois motivante, conviviale et b\u00e9n\u00e9fique pour la sant\u00e9 des r\u00e9sidents.<\/p>\n<p><img decoding=\"async\" class=\"alignnone size-medium wp-image-12659\" src=\"https:\/\/www.silverfit.com\/wp-content\/uploads\/Bellefontaine-16-08-09-2025-12-59-20-300x201.png\" alt=\"\" width=\"300\" height=\"201\" srcset=\"https:\/\/www.silverfit.com\/wp-content\/uploads\/Bellefontaine-16-08-09-2025-12-59-20-300x201.png 300w, https:\/\/www.silverfit.com\/wp-content\/uploads\/Bellefontaine-16-08-09-2025-12-59-20-1024x686.png 1024w, https:\/\/www.silverfit.com\/wp-content\/uploads\/Bellefontaine-16-08-09-2025-12-59-20-768x515.png 768w, https:\/\/www.silverfit.com\/wp-content\/uploads\/Bellefontaine-16-08-09-2025-12-59-20-1536x1029.png 1536w, https:\/\/www.silverfit.com\/wp-content\/uploads\/Bellefontaine-16-08-09-2025-12-59-20.png 2000w\" sizes=\"(max-width: 300px) 100vw, 300px\" \/><\/p>\n<p><strong>Contact<\/strong><\/p>\n<p>Pour en savoir plus sur le v\u00e9lo interactif SilverFit et le programme SilverFit Mile, n\u2019h\u00e9sitez pas \u00e0 nous contacter. Notre \u00e9quipe se fera un plaisir de vous fournir davantage d\u2019informations sur les \u00e9quipements, leur fonctionnement et les b\u00e9n\u00e9fices pour vos r\u00e9sidents.<\/p>\n","protected":false},"excerpt":{"rendered":"<p>\u00c9v\u00e9nement du 26 ao\u00fbt 2025 \u2013 Silverfit en partenariat avec le prestigieux groupe DomusVi V\u00e9lo interactif \u00e0 Meschers-sur-Gironde : \u00ab\u00a0Les Grands Ch\u00eanes en lumi\u00e8re\u00a0\u00bb La r\u00e9sidence Les Grands Ch\u00eanes de Meschers-sur-Gironde s\u2019est illustr\u00e9e lors du dernier challenge national de v\u00e9lo interactif Silver Fit Tour, d\u00e9crochant une impressionnante deuxi\u00e8me place au classement g\u00e9n\u00e9ral. Cet exploit d\u00e9montre [&hellip;]<\/p>\n","protected":false},"author":5,"featured_media":12623,"comment_status":"closed","ping_status":"closed","sticky":false,"template":"","format":"standard","meta":{"footnotes":""},"categories":[68],"tags":[],"class_list":["post-12595","post","type-post","status-publish","format-standard","has-post-thumbnail","hentry","category-silverfit-mile-fr"],"_links":{"self":[{"href":"https:\/\/www.silverfit.com\/fr\/wp-json\/wp\/v2\/posts\/12595","targetHints":{"allow":["GET"]}}],"collection":[{"href":"https:\/\/www.silverfit.com\/fr\/wp-json\/wp\/v2\/posts"}],"about":[{"href":"https:\/\/www.silverfit.com\/fr\/wp-json\/wp\/v2\/types\/post"}],"author":[{"embeddable":true,"href":"https:\/\/www.silverfit.com\/fr\/wp-json\/wp\/v2\/users\/5"}],"replies":[{"embeddable":true,"href":"https:\/\/www.silverfit.com\/fr\/wp-json\/wp\/v2\/comments?post=12595"}],"version-history":[{"count":10,"href":"https:\/\/www.silverfit.com\/fr\/wp-json\/wp\/v2\/posts\/12595\/revisions"}],"predecessor-version":[{"id":12670,"href":"https:\/\/www.silverfit.com\/fr\/wp-json\/wp\/v2\/posts\/12595\/revisions\/12670"}],"wp:featuredmedia":[{"embeddable":true,"href":"https:\/\/www.silverfit.com\/fr\/wp-json\/wp\/v2\/media\/12623"}],"wp:attachment":[{"href":"https:\/\/www.silverfit.com\/fr\/wp-json\/wp\/v2\/media?parent=12595"}],"wp:term":[{"taxonomy":"category","embeddable":true,"href":"https:\/\/www.silverfit.com\/fr\/wp-json\/wp\/v2\/categories?post=12595"},{"taxonomy":"post_tag","embeddable":true,"href":"https:\/\/www.silverfit.com\/fr\/wp-json\/wp\/v2\/tags?post=12595"}],"curies":[{"name":"wp","href":"https:\/\/api.w.org\/{rel}","templated":true}]}}