{"id":12578,"date":"2025-09-01T08:30:50","date_gmt":"2025-09-01T06:30:50","guid":{"rendered":"https:\/\/www.silverfit.com\/?p=12578"},"modified":"2025-09-01T09:27:24","modified_gmt":"2025-09-01T07:27:24","slug":"wissen-und-erfahrung-als-starkes-fundament-neue-geschaeftsfuehrung-bei-silverfit-bv","status":"publish","type":"post","link":"https:\/\/www.silverfit.com\/de\/wissen-und-erfahrung-als-starkes-fundament-neue-geschaeftsfuehrung-bei-silverfit-bv\/","title":{"rendered":"Wissen und Erfahrung als starkes Fundament: neue Gesch\u00e4ftsf\u00fchrung bei SilverFit B.V."},"content":{"rendered":"<p><span style=\"font-weight: 400;\">Seit dem 1. September hat SilverFit B.V eine neue Gesch\u00e4ftsf\u00fchrerin: Karlijn Swartjes. Karlijn arbeitet bereits seit 14 Jahren bei SilverFit, viele von Ihnen kennen sie aus ihrer fr\u00fcheren Rolle als Commercial Director.<\/span><span style=\"font-weight: 400;\"><br \/>\n<\/span><span style=\"font-weight: 400;\">Mitgr\u00fcnder Joris Wiersinga legt seine Funktion nach 17 Jahren nieder. Er wird Vorsitzender des Gesellschafterausschusses und wird gemeinsam mit unserer weiteren Gr\u00fcnderin, Maaike Duijts, Karlijn und ihr Team bei Bedarf unterst\u00fctzen.<\/span><\/p>\n<p><b>Stark verankert in der internationalen Pflege<\/b><b><br \/>\n<\/b><span style=\"font-weight: 400;\">SilverFit ist inzwischen aus der niederl\u00e4ndischen Altenpflege nicht mehr wegzudenken. Mehr als 60 % aller Pflegeeinrichtungen in den Niederlanden nutzen eines oder mehrere unserer Produkte. Dar\u00fcber hinaus sind wir in mehr als 20 L\u00e4ndern aktiv \u2013 mit innovativen L\u00f6sungen, die wir gemeinsam mit Fachkr\u00e4ften und Klienten entwickelt haben.<\/span><\/p>\n<p><b>Engagement mit Herzblut<\/b><b><br \/>\n<\/b><span style=\"font-weight: 400;\">Ein Unternehmen in einer Gesundheitsbranche zu f\u00fchren, die weltweit stark unter Druck steht, erfordert eine tiefe Verbundenheit mit unserem Ziel: das Leben von verletzlichen Menschen zu verbessern \u2013 ob in Pflegeheimen oder in der Rehabilitation. Karlijn bringt dieses Engagement wie kaum jemand anderes mit.<\/span><span style=\"font-weight: 400;\"><br \/>\n<\/span><span style=\"font-weight: 400;\">In den Worten von Joris: <\/span><i><span style=\"font-weight: 400;\">\u201eSilverFit liegt Karlijn im Blut. Sie hat sich immer mit voller Leidenschaft f\u00fcr die Interessen unserer Kunden eingesetzt. Ich bin \u00fcberzeugt, dass die Kundenorientierung ein entscheidender Erfolgsfaktor von SilverFit ist \u2013 und ich wei\u00df, dass sie bei Karlijn in den besten H\u00e4nden ist.\u201c<\/span><\/i><i><span style=\"font-weight: 400;\"><br \/>\n<\/span><\/i><span style=\"font-weight: 400;\">Karlijn: <\/span><i><span style=\"font-weight: 400;\">\u201eVielen Dank f\u00fcr die sch\u00f6nen Worte. Ich bin stolz darauf, diese Aufgabe \u00fcbernehmen zu d\u00fcrfen. In den kommenden Jahren m\u00f6chte ich gemeinsam mit unserem tollen Team und unseren gro\u00dfartigen Kunden SilverFit weiterentwickeln und f\u00fcr noch mehr Menschen zug\u00e4nglich machen.\u201c<\/span><\/i><\/p>\n","protected":false},"excerpt":{"rendered":"<p>Seit dem 1. September hat SilverFit B.V eine neue Gesch\u00e4ftsf\u00fchrerin: Karlijn Swartjes. Karlijn arbeitet bereits seit 14 Jahren bei SilverFit, viele von Ihnen kennen sie aus ihrer fr\u00fcheren Rolle als Commercial Director. Mitgr\u00fcnder Joris Wiersinga legt seine Funktion nach 17 Jahren nieder. Er wird Vorsitzender des Gesellschafterausschusses und wird gemeinsam mit unserer weiteren Gr\u00fcnderin, Maaike [&hellip;]<\/p>\n","protected":false},"author":3,"featured_media":12575,"comment_status":"closed","ping_status":"closed","sticky":false,"template":"","format":"standard","meta":{"footnotes":""},"categories":[36],"tags":[145,127],"class_list":["post-12578","post","type-post","status-publish","format-standard","has-post-thumbnail","hentry","category-silverfit","tag-news","tag-silverfit-de"],"_links":{"self":[{"href":"https:\/\/www.silverfit.com\/de\/wp-json\/wp\/v2\/posts\/12578","targetHints":{"allow":["GET"]}}],"collection":[{"href":"https:\/\/www.silverfit.com\/de\/wp-json\/wp\/v2\/posts"}],"about":[{"href":"https:\/\/www.silverfit.com\/de\/wp-json\/wp\/v2\/types\/post"}],"author":[{"embeddable":true,"href":"https:\/\/www.silverfit.com\/de\/wp-json\/wp\/v2\/users\/3"}],"replies":[{"embeddable":true,"href":"https:\/\/www.silverfit.com\/de\/wp-json\/wp\/v2\/comments?post=12578"}],"version-history":[{"count":3,"href":"https:\/\/www.silverfit.com\/de\/wp-json\/wp\/v2\/posts\/12578\/revisions"}],"predecessor-version":[{"id":12594,"href":"https:\/\/www.silverfit.com\/de\/wp-json\/wp\/v2\/posts\/12578\/revisions\/12594"}],"wp:featuredmedia":[{"embeddable":true,"href":"https:\/\/www.silverfit.com\/de\/wp-json\/wp\/v2\/media\/12575"}],"wp:attachment":[{"href":"https:\/\/www.silverfit.com\/de\/wp-json\/wp\/v2\/media?parent=12578"}],"wp:term":[{"taxonomy":"category","embeddable":true,"href":"https:\/\/www.silverfit.com\/de\/wp-json\/wp\/v2\/categories?post=12578"},{"taxonomy":"post_tag","embeddable":true,"href":"https:\/\/www.silverfit.com\/de\/wp-json\/wp\/v2\/tags?post=12578"}],"curies":[{"name":"wp","href":"https:\/\/api.w.org\/{rel}","templated":true}]}}